{"id":6595,"date":"2020-02-06T06:09:45","date_gmt":"2020-02-06T00:39:45","guid":{"rendered":"https:\/\/swissgarnier.com\/index.php\/2020\/02\/06\/taylor-vida-noutro-mundo\/"},"modified":"2025-12-04T16:14:23","modified_gmt":"2025-12-04T10:44:23","slug":"taylor-vida-noutro-mundo","status":"publish","type":"post","link":"https:\/\/swissgarnier.com\/pt-pt\/index.php\/2020\/02\/06\/taylor-vida-noutro-mundo\/","title":{"rendered":"Taylor Vida noutro Mundo"},"content":{"rendered":"\n<p>Quando, enquanto o belo vale se enche de vapor \u00e0 minha volta, e o sol do meio-dia incide sobre a superf\u00edcie superior da folhagem impenetr\u00e1vel das minhas \u00e1rvores, e apenas alguns raios de luz penetram no santu\u00e1rio interior, deito-me na erva alta junto ao riacho murmurante; e, enquanto me deito rente ao ch\u00e3o, mil plantas desconhecidas me chamam a aten\u00e7\u00e3o: quando ou\u00e7o o zumbido do pequeno mundo entre os caules, e me familiarizo com as incont\u00e1veis \u200b\u200bformas indescrit\u00edveis dos insetos e das moscas, ent\u00e3o sinto a presen\u00e7a do Todo-Poderoso, que nos formou \u00e0 sua imagem, e o sopro desse amor universal que nos sustenta e nos envolve, enquanto flutua \u00e0 nossa volta numa eternidade de bem-aventuran\u00e7a; E ent\u00e3o, meu amigo, quando a escurid\u00e3o me cobre os olhos, e o c\u00e9u e a terra parecem habitar a minha alma e absorver o seu poder, como a imagem de uma amada, ent\u00e3o penso frequentemente com saudade: Oh, se eu pudesse descrever estas concep\u00e7\u00f5es, se eu pudesse imprimir no papel tudo o que vive t\u00e3o pleno e caloroso dentro de mim, para que pudesse ser o espelho da minha alma, tal como a minha alma \u00e9 o espelho do Deus infinito!<\/p>\n\n<p>\u00d3 meu amigo \u2014 mas \u00e9 demais para as minhas for\u00e7as \u2014 sucumbo ao peso do esplendor destas vis\u00f5es! Uma serenidade maravilhosa tomou conta de toda a minha alma, como estas doces manh\u00e3s de primavera de que desfruto de todo o cora\u00e7\u00e3o. Estou sozinho e sinto o encanto da exist\u00eancia neste lugar, que foi criado para a felicidade de almas como a minha.  <\/p>\n\n<p>Estou t\u00e3o feliz, meu caro amigo, t\u00e3o absorto na deliciosa sensa\u00e7\u00e3o da mera exist\u00eancia tranquila, que negligencio os meus talentos. Seria incapaz de desenhar um \u00fanico tra\u00e7o neste momento; e, no entanto, sinto que nunca fui melhor artista do que agora. <\/p>\n\n<p>Quando, enquanto o belo vale se enche de vapor \u00e0 minha volta, e o sol do meio-dia incide sobre a superf\u00edcie superior da folhagem impenetr\u00e1vel das minhas \u00e1rvores, e apenas alguns raios de luz penetram no santu\u00e1rio interior, deito-me na erva alta junto ao riacho murmurante; e, enquanto me deito rente \u00e0 terra, mil plantas desconhecidas me chamam a aten\u00e7\u00e3o: quando ou\u00e7o o zumbido do pequeno mundo entre os caules, e me familiarizo com as incont\u00e1veis \u200b\u200bformas indescrit\u00edveis dos insetos e das moscas, ent\u00e3o sinto a presen\u00e7a do Todo-Poderoso, que nos formou \u00e0 sua imagem, e o sopro desse amor universal que nos sustenta e nos envolve, flutuando \u00e0 nossa volta numa eternidade de bem-aventuran\u00e7a; e ent\u00e3o, meu amigo, quando a escurid\u00e3o me cobre os olhos, e o c\u00e9u e a terra parecem habitar a minha alma e absorver o seu poder, como a figura de uma amada, ent\u00e3o penso muitas vezes com saudade: Oh, se eu pudesse descrever estas concep\u00e7\u00f5es, se pudesse imprimir no papel tudo o que vive t\u00e3o pleno e caloroso dentro de mim.<\/p>\n","protected":false},"excerpt":{"rendered":"<p>Quando, enquanto o belo vale se enche de vapor \u00e0 minha volta, e o sol do meio-dia incide sobre a superf\u00edcie superior da folhagem impenetr\u00e1vel das minhas \u00e1rvores, e apenas alguns raios de luz penetram no santu\u00e1rio interior, deito-me na erva alta junto ao riacho murmurante; e, enquanto me deito rente ao ch\u00e3o, mil plantas [&hellip;]<\/p>\n","protected":false},"author":1,"featured_media":6594,"comment_status":"open","ping_status":"open","sticky":false,"template":"","format":"standard","meta":{"footnotes":""},"categories":[59,33],"tags":[63],"class_list":["post-6595","post","type-post","status-publish","format-standard","has-post-thumbnail","hentry","category-negocio","category-blog","tag-blogue"],"_links":{"self":[{"href":"https:\/\/swissgarnier.com\/pt-pt\/index.php\/wp-json\/wp\/v2\/posts\/6595","targetHints":{"allow":["GET"]}}],"collection":[{"href":"https:\/\/swissgarnier.com\/pt-pt\/index.php\/wp-json\/wp\/v2\/posts"}],"about":[{"href":"https:\/\/swissgarnier.com\/pt-pt\/index.php\/wp-json\/wp\/v2\/types\/post"}],"author":[{"embeddable":true,"href":"https:\/\/swissgarnier.com\/pt-pt\/index.php\/wp-json\/wp\/v2\/users\/1"}],"replies":[{"embeddable":true,"href":"https:\/\/swissgarnier.com\/pt-pt\/index.php\/wp-json\/wp\/v2\/comments?post=6595"}],"version-history":[{"count":1,"href":"https:\/\/swissgarnier.com\/pt-pt\/index.php\/wp-json\/wp\/v2\/posts\/6595\/revisions"}],"predecessor-version":[{"id":6596,"href":"https:\/\/swissgarnier.com\/pt-pt\/index.php\/wp-json\/wp\/v2\/posts\/6595\/revisions\/6596"}],"wp:featuredmedia":[{"embeddable":true,"href":"https:\/\/swissgarnier.com\/pt-pt\/index.php\/wp-json\/wp\/v2\/media\/6594"}],"wp:attachment":[{"href":"https:\/\/swissgarnier.com\/pt-pt\/index.php\/wp-json\/wp\/v2\/media?parent=6595"}],"wp:term":[{"taxonomy":"category","embeddable":true,"href":"https:\/\/swissgarnier.com\/pt-pt\/index.php\/wp-json\/wp\/v2\/categories?post=6595"},{"taxonomy":"post_tag","embeddable":true,"href":"https:\/\/swissgarnier.com\/pt-pt\/index.php\/wp-json\/wp\/v2\/tags?post=6595"}],"curies":[{"name":"wp","href":"https:\/\/api.w.org\/{rel}","templated":true}]}}