{"id":6598,"date":"2020-02-06T06:09:45","date_gmt":"2020-02-06T00:39:45","guid":{"rendered":"https:\/\/swissgarnier.com\/index.php\/2020\/02\/06\/la-vie-de-taylor-en-dautres-termes\/"},"modified":"2025-12-04T16:17:15","modified_gmt":"2025-12-04T10:47:15","slug":"la-vie-de-taylor-en-dautres-termes","status":"publish","type":"post","link":"https:\/\/swissgarnier.com\/fr\/index.php\/2020\/02\/06\/la-vie-de-taylor-en-dautres-termes\/","title":{"rendered":"La vie de Taylor en d&rsquo;autres termes"},"content":{"rendered":"\n<p>Lorsque, tandis que la charmante vall\u00e9e s&#8217;emplit de brume autour de moi, et que le soleil de midi frappe la cime imp\u00e9n\u00e9trable du feuillage de mes arbres, et que seuls quelques rares rayons p\u00e9n\u00e8trent dans le sanctuaire int\u00e9rieur, je me jette dans les hautes herbes pr\u00e8s du ruisseau murmurant ; et, couch\u00e9 pr\u00e8s du sol, je remarque mille plantes inconnues ; lorsque j&rsquo;entends le bourdonnement du petit monde parmi les tiges, et que je me familiarise avec les innombrables formes indescriptibles des insectes et des mouches, alors je sens la pr\u00e9sence du Tout-Puissant, qui nous a cr\u00e9\u00e9s \u00e0 son image, et le souffle de cet amour universel qui nous porte et nous soutient, tandis qu&rsquo;il flotte autour de nous dans une \u00e9ternit\u00e9 de f\u00e9licit\u00e9 ; Et puis, mon ami, quand les t\u00e9n\u00e8bres envahissent mes yeux, et que le ciel et la terre semblent habiter mon \u00e2me et absorber sa force, comme la forme d&rsquo;une ma\u00eetresse bien-aim\u00e9e, alors je pense souvent avec nostalgie : Oh, si seulement je pouvais d\u00e9crire ces conceptions, si je pouvais imprimer sur le papier tout ce qui vit si intens\u00e9ment et si chaleureusement en moi, afin que cela soit le miroir de mon \u00e2me, comme mon \u00e2me est le miroir du Dieu infini !<\/p>\n\n<p>\u00d4 mon ami, mais c&rsquo;est trop pour mes forces ! Je succombe sous le poids de la splendeur de ces visions ! Une merveilleuse s\u00e9r\u00e9nit\u00e9 s&rsquo;est empar\u00e9e de toute mon \u00e2me, comme ces douces matin\u00e9es de printemps dont je jouis de tout mon c\u0153ur. Je suis seul et je ressens le charme de l&rsquo;existence en ce lieu, cr\u00e9\u00e9 pour le bonheur des \u00e2mes comme la mienne.  <\/p>\n\n<p>Je suis si heureux, mon cher ami, si absorb\u00e9 par le simple plaisir d&rsquo;exister paisiblement, que j&rsquo;en oublie mes talents. Je serais incapable de tracer un seul trait en ce moment ; et pourtant, je sens que je n&rsquo;ai jamais \u00e9t\u00e9 un plus grand artiste qu&rsquo;aujourd&rsquo;hui. <\/p>\n\n<p>Lorsque, tandis que la charmante vall\u00e9e s&#8217;emplit de brume autour de moi, et que le soleil de midi frappe la cime imp\u00e9n\u00e9trable du feuillage de mes arbres, et que seuls quelques rares rayons p\u00e9n\u00e8trent dans le sanctuaire int\u00e9rieur, je m&rsquo;allonge dans les hautes herbes pr\u00e8s du ruisseau murmurant ; et, couch\u00e9 au ras du sol, je remarque mille plantes inconnues ; lorsque j&rsquo;entends le bourdonnement du petit monde parmi les tiges, et que je me familiarise avec les innombrables formes indescriptibles des insectes et des mouches, alors je sens la pr\u00e9sence du Tout-Puissant, qui nous a cr\u00e9\u00e9s \u00e0 son image, et le souffle de cet amour universel qui nous porte et nous soutient, tandis qu&rsquo;il flotte autour de nous dans une \u00e9ternit\u00e9 de f\u00e9licit\u00e9 ; et alors, mon ami, lorsque l&rsquo;obscurit\u00e9 envahit mes yeux, et que le ciel et la terre semblent habiter mon \u00e2me et absorber sa force, comme la forme d&rsquo;une ma\u00eetresse bien-aim\u00e9e, alors je pense souvent avec nostalgie : Oh, si seulement je pouvais d\u00e9crire ces sensations, si seulement je pouvais imprimer sur le papier tout ce qui vit si intens\u00e9ment et si chaleureusement en moi.<\/p>\n","protected":false},"excerpt":{"rendered":"<p>Lorsque, tandis que la charmante vall\u00e9e s&#8217;emplit de brume autour de moi, et que le soleil de midi frappe la cime imp\u00e9n\u00e9trable du feuillage de mes arbres, et que seuls quelques rares rayons p\u00e9n\u00e8trent dans le sanctuaire int\u00e9rieur, je me jette dans les hautes herbes pr\u00e8s du ruisseau murmurant ; et, couch\u00e9 pr\u00e8s du sol, [&hellip;]<\/p>\n","protected":false},"author":1,"featured_media":6597,"comment_status":"open","ping_status":"open","sticky":false,"template":"","format":"standard","meta":{"footnotes":""},"categories":[60,32],"tags":[64],"class_list":["post-6598","post","type-post","status-publish","format-standard","has-post-thumbnail","hentry","category-entreprise","category-blog","tag-blogue"],"_links":{"self":[{"href":"https:\/\/swissgarnier.com\/fr\/index.php\/wp-json\/wp\/v2\/posts\/6598","targetHints":{"allow":["GET"]}}],"collection":[{"href":"https:\/\/swissgarnier.com\/fr\/index.php\/wp-json\/wp\/v2\/posts"}],"about":[{"href":"https:\/\/swissgarnier.com\/fr\/index.php\/wp-json\/wp\/v2\/types\/post"}],"author":[{"embeddable":true,"href":"https:\/\/swissgarnier.com\/fr\/index.php\/wp-json\/wp\/v2\/users\/1"}],"replies":[{"embeddable":true,"href":"https:\/\/swissgarnier.com\/fr\/index.php\/wp-json\/wp\/v2\/comments?post=6598"}],"version-history":[{"count":1,"href":"https:\/\/swissgarnier.com\/fr\/index.php\/wp-json\/wp\/v2\/posts\/6598\/revisions"}],"predecessor-version":[{"id":6599,"href":"https:\/\/swissgarnier.com\/fr\/index.php\/wp-json\/wp\/v2\/posts\/6598\/revisions\/6599"}],"wp:featuredmedia":[{"embeddable":true,"href":"https:\/\/swissgarnier.com\/fr\/index.php\/wp-json\/wp\/v2\/media\/6597"}],"wp:attachment":[{"href":"https:\/\/swissgarnier.com\/fr\/index.php\/wp-json\/wp\/v2\/media?parent=6598"}],"wp:term":[{"taxonomy":"category","embeddable":true,"href":"https:\/\/swissgarnier.com\/fr\/index.php\/wp-json\/wp\/v2\/categories?post=6598"},{"taxonomy":"post_tag","embeddable":true,"href":"https:\/\/swissgarnier.com\/fr\/index.php\/wp-json\/wp\/v2\/tags?post=6598"}],"curies":[{"name":"wp","href":"https:\/\/api.w.org\/{rel}","templated":true}]}}